{"id":3841,"date":"2026-01-20T21:15:26","date_gmt":"2026-01-20T21:15:26","guid":{"rendered":"https:\/\/diahabil.com.mx\/?p=3841"},"modified":"2026-01-20T21:15:41","modified_gmt":"2026-01-20T21:15:41","slug":"ordena-amlo-a-sheinbaum-y-el-cinico-garduno-regresa","status":"publish","type":"post","link":"https:\/\/diahabil.com.mx\/index.php\/2026\/01\/20\/ordena-amlo-a-sheinbaum-y-el-cinico-garduno-regresa\/","title":{"rendered":"Ordena AMLO a Sheinbaum  \u2026 y el c\u00ednico Gardu\u00f1o regresa"},"content":{"rendered":"<p>Por m\u00e1s que <strong>Claudia Sheinbaum Pardo<\/strong> lo niegue <strong>Andr\u00e9s Manuel L\u00f3pez Obrador<\/strong> es quien manda.<\/p>\n<p>El nombramiento de <strong>Francisco Gardu\u00f1o Y\u00e1\u00f1ez<\/strong> como director general de Centros de Formaci\u00f3n para el Trabajo de la Secretar\u00eda de Educaci\u00f3n P\u00fablica (SEP) as\u00ed lo confirma.<\/p>\n<p><strong>Gardu\u00f1o Y\u00e1\u00f1ez<\/strong> es el c\u00ednico sujeto que estuvo al frente del Instituto Nacional de Migraci\u00f3n (INM) desde junio de 2019 hasta mayo de 2025, pese a que durante su gesti\u00f3n se registr\u00f3 el incendio de la estaci\u00f3n migratoria de Ciudad Ju\u00e1rez, Chihuahua, en marzo de 2023, que caus\u00f3 la muerte de 40 migrantes y por el que s\u00f3lo ofreci\u00f3 una disculpa p\u00fablica\u2026 m\u00e1s de dos a\u00f1os despu\u00e9s.<\/p>\n<p>El amigo de L\u00f3pez Obrador desde hace m\u00e1s de treinta a\u00f1os estuvo unos meses sin cargo, porque la presi\u00f3n medi\u00e1tica lo oblig\u00f3 a salir del INM y a ofrecer disculpas a las familias de los muertos.<\/p>\n<p><strong>Como se recordar\u00e1 <\/strong>las v\u00edctimas no pudieron escapar porque los vigilantes cerraron con llave las puertas pese a ver c\u00f3mo los dormitorios se llenaban de humo por la quema de colchones durante una protesta de los retenidos.<\/p>\n<p><strong>Gardu\u00f1o Y\u00e1\u00f1ez<\/strong> no fue a juicio, a pesar de haber sido imputado por ejercicio indebido del servicio p\u00fablico y fue exonerado por la muerte de los 40 migrantes.<\/p>\n<p>Cuatro a\u00f1os antes del incendio que confirm\u00f3 el abandono del gobierno de L\u00f3pez Obrador a las instituciones p\u00fablicas, tras<\/p>\n<p>&nbsp;<\/p>\n<p>la salida <strong>Tonatiuh Guill\u00e9n<\/strong> como titular del INM y en la llegada de Gardu\u00f1o Y\u00e1\u00f1ez, la secretaria de Gobernaci\u00f3n, <strong>Olga S\u00e1nchez Cordero<\/strong> lo alab\u00f3:<\/p>\n<p>-Estoy segura de que trabajaremos juntos para cumplir con las instrucciones del presidente e iniciar una nueva etapa en el Instituto.<\/p>\n<p>L\u00f3pez Obrador, como siempre hac\u00eda, dijo que su amigo, quien trabaj\u00f3 con \u00e9l enel gobierno de la Ciudad de M\u00e9xico, hab\u00eda hecho un trabajo \u201cmuy bueno\u201d.<\/p>\n<p>Ayer, el secretario de Educaci\u00f3n,\u00a0 <strong>Mario Delgado Carrillo<\/strong>, c\u00ednica y descaradamente, present\u00f3 a Gardu\u00f1o como nuevo funcionario de la dependencia.<\/p>\n<p>-Me dio mucho gusto reunirme con Francisco Gardu\u00f1o que ha sido nombrado por parte de la presidenta,<\/p>\n<p><a href=\"https:\/\/x.com\/Claudiashein\">@Claudiashein<\/a> , como Director General de Centros de Formaci\u00f3n para el Trabajo.<\/p>\n<p>Francisco Gardu\u00f1o es un funcionario ejemplar y su participaci\u00f3n en estos centros ser\u00e1 fundamental para la reforma a la educaci\u00f3n <a href=\"https:\/\/x.com\/hashtag\/MediaSuperior?src=hashtag_click\">#MediaSuperior<\/a> que est\u00e1 en marcha con el <a href=\"https:\/\/x.com\/hashtag\/BachilleratoNacional?src=hashtag_click\">#BachilleratoNacional<\/a>. Esto se suma a la actualizaci\u00f3n de la oferta educativa en educaci\u00f3n superior que se al\u00ednea con los sectores estrat\u00e9gicos del <a href=\"https:\/\/x.com\/hashtag\/PlanM%C3%A9xico?src=hashtag_click\">#PlanM\u00e9xico<\/a> y los polos de desarrollo para el bienestar.<\/p>\n<p>Sin verg\u00fcenza, el ex dirigente del partido Movimiento Regeneraci\u00f3n Nacional (Morena), secretario de finanzas y de Educaci\u00f3n de la CDMX con <strong>Marcelo Ebrard<\/strong>, apareci\u00f3 sonriente junto al responsable de la muerte de esos cuarenta migrantes.<\/p>\n<p>\u00a1Y eso que son distintos, seg\u00fan en demente de Macuspana!<\/p>\n<p>&nbsp;<\/p>\n<p><strong>V\u00e1monos<\/strong>: Se enreda el desalojo de m\u00e1s de mil perros y gatos del Refugio Franciscano en el kil\u00f3metro 17.5 de la carretera a Toluca.<\/p>\n<p>Clara Brugada est\u00e1 obligada a explicar d\u00f3nde est\u00e1n los animales, d\u00f3nde ser\u00e1n reubicados y, por supuesto, investigar qu\u00e9 sucedi\u00f3 en en el caso de la violaci\u00f3n del testamento de <strong>Antonio Haghenbeck<\/strong><strong>, <\/strong><strong>quien orden\u00f3 que una de diecis\u00e9is hect\u00e1reas de ese terreno fueran destinadas a albergar a los perros y gatos y a\u00fan as\u00ed fueron vendidos.<\/strong><\/p>\n<p>Brugada ya dijo que no se autorizar\u00e1 ning\u00fan proyecto inmopbiliario \u00bfpero quedar\u00e1n impunes los delitos, en caso de que se hayan cometido, para vender los predios?<\/p>\n<p><strong>\u00a0\u00a0\u00a0<a href=\"mailto:alberto.montoya@diahabil.com.mx\">alberto.montoya@diahabil.com.mx<\/a>\u00a0\u00a0\u00a0\u00a0\u00a0\u00a0@albermontmex<\/strong><\/p>\n<p>&nbsp;<\/p>\n<p>&nbsp;<\/p>\n","protected":false},"excerpt":{"rendered":"<p>Por m\u00e1s que Claudia Sheinbaum Pardo lo niegue Andr\u00e9s Manuel L\u00f3pez Obrador es quien manda. El nombramiento de Francisco Gardu\u00f1o Y\u00e1\u00f1ez como director general de Centros de Formaci\u00f3n para el Trabajo de la Secretar\u00eda de Educaci\u00f3n P\u00fablica (SEP) as\u00ed lo confirma. Gardu\u00f1o Y\u00e1\u00f1ez es el c\u00ednico sujeto que estuvo al frente del Instituto Nacional de [&hellip;]<\/p>\n","protected":false},"author":1,"featured_media":55,"comment_status":"open","ping_status":"open","sticky":false,"template":"","format":"standard","meta":{"footnotes":""},"categories":[10],"tags":[],"class_list":["post-3841","post","type-post","status-publish","format-standard","has-post-thumbnail","hentry","category-columnistas"],"yoast_head":"<!-- This site is optimized with the Yoast SEO plugin v24.6 - https:\/\/yoast.com\/wordpress\/plugins\/seo\/ -->\n<title>Ordena AMLO a Sheinbaum \u2026 y el c\u00ednico Gardu\u00f1o regresa - D\u00eda H\u00e1bil<\/title>\n<meta name=\"robots\" content=\"index, follow, max-snippet:-1, max-image-preview:large, max-video-preview:-1\" \/>\n<link rel=\"canonical\" href=\"https:\/\/diahabil.com.mx\/index.php\/2026\/01\/20\/ordena-amlo-a-sheinbaum-y-el-cinico-garduno-regresa\/\" \/>\n<meta property=\"og:locale\" content=\"es_MX\" \/>\n<meta property=\"og:type\" content=\"article\" \/>\n<meta property=\"og:title\" content=\"Ordena AMLO a Sheinbaum \u2026 y el c\u00ednico Gardu\u00f1o regresa - D\u00eda H\u00e1bil\" \/>\n<meta property=\"og:description\" content=\"Por m\u00e1s que Claudia Sheinbaum Pardo lo niegue Andr\u00e9s Manuel L\u00f3pez Obrador es quien manda. El nombramiento de Francisco Gardu\u00f1o Y\u00e1\u00f1ez como director general de Centros de Formaci\u00f3n para el Trabajo de la Secretar\u00eda de Educaci\u00f3n P\u00fablica (SEP) as\u00ed lo confirma. Gardu\u00f1o Y\u00e1\u00f1ez es el c\u00ednico sujeto que estuvo al frente del Instituto Nacional de [&hellip;]\" \/>\n<meta property=\"og:url\" content=\"https:\/\/diahabil.com.mx\/index.php\/2026\/01\/20\/ordena-amlo-a-sheinbaum-y-el-cinico-garduno-regresa\/\" \/>\n<meta property=\"og:site_name\" content=\"D\u00eda H\u00e1bil\" \/>\n<meta property=\"article:published_time\" content=\"2026-01-20T21:15:26+00:00\" \/>\n<meta property=\"article:modified_time\" content=\"2026-01-20T21:15:41+00:00\" \/>\n<meta property=\"og:image\" content=\"https:\/\/diahabil.com.mx\/wp-content\/uploads\/2023\/06\/DiaHabil.jpg\" \/>\n\t<meta property=\"og:image:width\" content=\"1024\" \/>\n\t<meta property=\"og:image:height\" content=\"550\" \/>\n\t<meta property=\"og:image:type\" content=\"image\/jpeg\" \/>\n<meta name=\"author\" content=\"admin\" \/>\n<meta name=\"twitter:card\" content=\"summary_large_image\" \/>\n<meta name=\"twitter:label1\" content=\"Escrito por\" \/>\n\t<meta name=\"twitter:data1\" content=\"admin\" \/>\n\t<meta name=\"twitter:label2\" content=\"Tiempo de lectura\" \/>\n\t<meta name=\"twitter:data2\" content=\"3 minutos\" \/>\n<script type=\"application\/ld+json\" class=\"yoast-schema-graph\">{\"@context\":\"https:\/\/schema.org\",\"@graph\":[{\"@type\":\"WebPage\",\"@id\":\"https:\/\/diahabil.com.mx\/index.php\/2026\/01\/20\/ordena-amlo-a-sheinbaum-y-el-cinico-garduno-regresa\/\",\"url\":\"https:\/\/diahabil.com.mx\/index.php\/2026\/01\/20\/ordena-amlo-a-sheinbaum-y-el-cinico-garduno-regresa\/\",\"name\":\"Ordena AMLO a Sheinbaum \u2026 y el c\u00ednico Gardu\u00f1o regresa - D\u00eda H\u00e1bil\",\"isPartOf\":{\"@id\":\"https:\/\/diahabil.com.mx\/#website\"},\"primaryImageOfPage\":{\"@id\":\"https:\/\/diahabil.com.mx\/index.php\/2026\/01\/20\/ordena-amlo-a-sheinbaum-y-el-cinico-garduno-regresa\/#primaryimage\"},\"image\":{\"@id\":\"https:\/\/diahabil.com.mx\/index.php\/2026\/01\/20\/ordena-amlo-a-sheinbaum-y-el-cinico-garduno-regresa\/#primaryimage\"},\"thumbnailUrl\":\"https:\/\/diahabil.com.mx\/wp-content\/uploads\/2023\/06\/DiaHabil.jpg\",\"datePublished\":\"2026-01-20T21:15:26+00:00\",\"dateModified\":\"2026-01-20T21:15:41+00:00\",\"author\":{\"@id\":\"https:\/\/diahabil.com.mx\/#\/schema\/person\/570ef00d4ffe772b76a421d6cb2d8b09\"},\"breadcrumb\":{\"@id\":\"https:\/\/diahabil.com.mx\/index.php\/2026\/01\/20\/ordena-amlo-a-sheinbaum-y-el-cinico-garduno-regresa\/#breadcrumb\"},\"inLanguage\":\"es\",\"potentialAction\":[{\"@type\":\"ReadAction\",\"target\":[\"https:\/\/diahabil.com.mx\/index.php\/2026\/01\/20\/ordena-amlo-a-sheinbaum-y-el-cinico-garduno-regresa\/\"]}]},{\"@type\":\"ImageObject\",\"inLanguage\":\"es\",\"@id\":\"https:\/\/diahabil.com.mx\/index.php\/2026\/01\/20\/ordena-amlo-a-sheinbaum-y-el-cinico-garduno-regresa\/#primaryimage\",\"url\":\"https:\/\/diahabil.com.mx\/wp-content\/uploads\/2023\/06\/DiaHabil.jpg\",\"contentUrl\":\"https:\/\/diahabil.com.mx\/wp-content\/uploads\/2023\/06\/DiaHabil.jpg\",\"width\":1024,\"height\":550},{\"@type\":\"BreadcrumbList\",\"@id\":\"https:\/\/diahabil.com.mx\/index.php\/2026\/01\/20\/ordena-amlo-a-sheinbaum-y-el-cinico-garduno-regresa\/#breadcrumb\",\"itemListElement\":[{\"@type\":\"ListItem\",\"position\":1,\"name\":\"Inicio\",\"item\":\"https:\/\/diahabil.com.mx\/\"},{\"@type\":\"ListItem\",\"position\":2,\"name\":\"Ordena AMLO a Sheinbaum \u2026 y el c\u00ednico Gardu\u00f1o regresa\"}]},{\"@type\":\"WebSite\",\"@id\":\"https:\/\/diahabil.com.mx\/#website\",\"url\":\"https:\/\/diahabil.com.mx\/\",\"name\":\"D\u00eda H\u00e1bil\",\"description\":\"\",\"potentialAction\":[{\"@type\":\"SearchAction\",\"target\":{\"@type\":\"EntryPoint\",\"urlTemplate\":\"https:\/\/diahabil.com.mx\/?s={search_term_string}\"},\"query-input\":{\"@type\":\"PropertyValueSpecification\",\"valueRequired\":true,\"valueName\":\"search_term_string\"}}],\"inLanguage\":\"es\"},{\"@type\":\"Person\",\"@id\":\"https:\/\/diahabil.com.mx\/#\/schema\/person\/570ef00d4ffe772b76a421d6cb2d8b09\",\"name\":\"admin\",\"image\":{\"@type\":\"ImageObject\",\"inLanguage\":\"es\",\"@id\":\"https:\/\/diahabil.com.mx\/#\/schema\/person\/image\/\",\"url\":\"https:\/\/secure.gravatar.com\/avatar\/5fce8033dc3d7a39faaf712c5adc43811e3b890110a3bc9865c3ebf26530486c?s=96&d=mm&r=g\",\"contentUrl\":\"https:\/\/secure.gravatar.com\/avatar\/5fce8033dc3d7a39faaf712c5adc43811e3b890110a3bc9865c3ebf26530486c?s=96&d=mm&r=g\",\"caption\":\"admin\"},\"sameAs\":[\"https:\/\/diahabil.com.mx\"],\"url\":\"https:\/\/diahabil.com.mx\/index.php\/author\/root\/\"}]}<\/script>\n<!-- \/ Yoast SEO plugin. -->","yoast_head_json":{"title":"Ordena AMLO a Sheinbaum \u2026 y el c\u00ednico Gardu\u00f1o regresa - D\u00eda H\u00e1bil","robots":{"index":"index","follow":"follow","max-snippet":"max-snippet:-1","max-image-preview":"max-image-preview:large","max-video-preview":"max-video-preview:-1"},"canonical":"https:\/\/diahabil.com.mx\/index.php\/2026\/01\/20\/ordena-amlo-a-sheinbaum-y-el-cinico-garduno-regresa\/","og_locale":"es_MX","og_type":"article","og_title":"Ordena AMLO a Sheinbaum \u2026 y el c\u00ednico Gardu\u00f1o regresa - D\u00eda H\u00e1bil","og_description":"Por m\u00e1s que Claudia Sheinbaum Pardo lo niegue Andr\u00e9s Manuel L\u00f3pez Obrador es quien manda. El nombramiento de Francisco Gardu\u00f1o Y\u00e1\u00f1ez como director general de Centros de Formaci\u00f3n para el Trabajo de la Secretar\u00eda de Educaci\u00f3n P\u00fablica (SEP) as\u00ed lo confirma. Gardu\u00f1o Y\u00e1\u00f1ez es el c\u00ednico sujeto que estuvo al frente del Instituto Nacional de [&hellip;]","og_url":"https:\/\/diahabil.com.mx\/index.php\/2026\/01\/20\/ordena-amlo-a-sheinbaum-y-el-cinico-garduno-regresa\/","og_site_name":"D\u00eda H\u00e1bil","article_published_time":"2026-01-20T21:15:26+00:00","article_modified_time":"2026-01-20T21:15:41+00:00","og_image":[{"width":1024,"height":550,"url":"https:\/\/diahabil.com.mx\/wp-content\/uploads\/2023\/06\/DiaHabil.jpg","type":"image\/jpeg"}],"author":"admin","twitter_card":"summary_large_image","twitter_misc":{"Escrito por":"admin","Tiempo de lectura":"3 minutos"},"schema":{"@context":"https:\/\/schema.org","@graph":[{"@type":"WebPage","@id":"https:\/\/diahabil.com.mx\/index.php\/2026\/01\/20\/ordena-amlo-a-sheinbaum-y-el-cinico-garduno-regresa\/","url":"https:\/\/diahabil.com.mx\/index.php\/2026\/01\/20\/ordena-amlo-a-sheinbaum-y-el-cinico-garduno-regresa\/","name":"Ordena AMLO a Sheinbaum \u2026 y el c\u00ednico Gardu\u00f1o regresa - D\u00eda H\u00e1bil","isPartOf":{"@id":"https:\/\/diahabil.com.mx\/#website"},"primaryImageOfPage":{"@id":"https:\/\/diahabil.com.mx\/index.php\/2026\/01\/20\/ordena-amlo-a-sheinbaum-y-el-cinico-garduno-regresa\/#primaryimage"},"image":{"@id":"https:\/\/diahabil.com.mx\/index.php\/2026\/01\/20\/ordena-amlo-a-sheinbaum-y-el-cinico-garduno-regresa\/#primaryimage"},"thumbnailUrl":"https:\/\/diahabil.com.mx\/wp-content\/uploads\/2023\/06\/DiaHabil.jpg","datePublished":"2026-01-20T21:15:26+00:00","dateModified":"2026-01-20T21:15:41+00:00","author":{"@id":"https:\/\/diahabil.com.mx\/#\/schema\/person\/570ef00d4ffe772b76a421d6cb2d8b09"},"breadcrumb":{"@id":"https:\/\/diahabil.com.mx\/index.php\/2026\/01\/20\/ordena-amlo-a-sheinbaum-y-el-cinico-garduno-regresa\/#breadcrumb"},"inLanguage":"es","potentialAction":[{"@type":"ReadAction","target":["https:\/\/diahabil.com.mx\/index.php\/2026\/01\/20\/ordena-amlo-a-sheinbaum-y-el-cinico-garduno-regresa\/"]}]},{"@type":"ImageObject","inLanguage":"es","@id":"https:\/\/diahabil.com.mx\/index.php\/2026\/01\/20\/ordena-amlo-a-sheinbaum-y-el-cinico-garduno-regresa\/#primaryimage","url":"https:\/\/diahabil.com.mx\/wp-content\/uploads\/2023\/06\/DiaHabil.jpg","contentUrl":"https:\/\/diahabil.com.mx\/wp-content\/uploads\/2023\/06\/DiaHabil.jpg","width":1024,"height":550},{"@type":"BreadcrumbList","@id":"https:\/\/diahabil.com.mx\/index.php\/2026\/01\/20\/ordena-amlo-a-sheinbaum-y-el-cinico-garduno-regresa\/#breadcrumb","itemListElement":[{"@type":"ListItem","position":1,"name":"Inicio","item":"https:\/\/diahabil.com.mx\/"},{"@type":"ListItem","position":2,"name":"Ordena AMLO a Sheinbaum \u2026 y el c\u00ednico Gardu\u00f1o regresa"}]},{"@type":"WebSite","@id":"https:\/\/diahabil.com.mx\/#website","url":"https:\/\/diahabil.com.mx\/","name":"D\u00eda H\u00e1bil","description":"","potentialAction":[{"@type":"SearchAction","target":{"@type":"EntryPoint","urlTemplate":"https:\/\/diahabil.com.mx\/?s={search_term_string}"},"query-input":{"@type":"PropertyValueSpecification","valueRequired":true,"valueName":"search_term_string"}}],"inLanguage":"es"},{"@type":"Person","@id":"https:\/\/diahabil.com.mx\/#\/schema\/person\/570ef00d4ffe772b76a421d6cb2d8b09","name":"admin","image":{"@type":"ImageObject","inLanguage":"es","@id":"https:\/\/diahabil.com.mx\/#\/schema\/person\/image\/","url":"https:\/\/secure.gravatar.com\/avatar\/5fce8033dc3d7a39faaf712c5adc43811e3b890110a3bc9865c3ebf26530486c?s=96&d=mm&r=g","contentUrl":"https:\/\/secure.gravatar.com\/avatar\/5fce8033dc3d7a39faaf712c5adc43811e3b890110a3bc9865c3ebf26530486c?s=96&d=mm&r=g","caption":"admin"},"sameAs":["https:\/\/diahabil.com.mx"],"url":"https:\/\/diahabil.com.mx\/index.php\/author\/root\/"}]}},"jetpack_featured_media_url":"https:\/\/diahabil.com.mx\/wp-content\/uploads\/2023\/06\/DiaHabil.jpg","_links":{"self":[{"href":"https:\/\/diahabil.com.mx\/index.php\/wp-json\/wp\/v2\/posts\/3841","targetHints":{"allow":["GET"]}}],"collection":[{"href":"https:\/\/diahabil.com.mx\/index.php\/wp-json\/wp\/v2\/posts"}],"about":[{"href":"https:\/\/diahabil.com.mx\/index.php\/wp-json\/wp\/v2\/types\/post"}],"author":[{"embeddable":true,"href":"https:\/\/diahabil.com.mx\/index.php\/wp-json\/wp\/v2\/users\/1"}],"replies":[{"embeddable":true,"href":"https:\/\/diahabil.com.mx\/index.php\/wp-json\/wp\/v2\/comments?post=3841"}],"version-history":[{"count":1,"href":"https:\/\/diahabil.com.mx\/index.php\/wp-json\/wp\/v2\/posts\/3841\/revisions"}],"predecessor-version":[{"id":3842,"href":"https:\/\/diahabil.com.mx\/index.php\/wp-json\/wp\/v2\/posts\/3841\/revisions\/3842"}],"wp:featuredmedia":[{"embeddable":true,"href":"https:\/\/diahabil.com.mx\/index.php\/wp-json\/wp\/v2\/media\/55"}],"wp:attachment":[{"href":"https:\/\/diahabil.com.mx\/index.php\/wp-json\/wp\/v2\/media?parent=3841"}],"wp:term":[{"taxonomy":"category","embeddable":true,"href":"https:\/\/diahabil.com.mx\/index.php\/wp-json\/wp\/v2\/categories?post=3841"},{"taxonomy":"post_tag","embeddable":true,"href":"https:\/\/diahabil.com.mx\/index.php\/wp-json\/wp\/v2\/tags?post=3841"}],"curies":[{"name":"wp","href":"https:\/\/api.w.org\/{rel}","templated":true}]}}