{"id":1444,"date":"2023-10-24T16:54:51","date_gmt":"2023-10-24T16:54:51","guid":{"rendered":"https:\/\/diahabil.com.mx\/?p=1444"},"modified":"2023-10-24T17:18:05","modified_gmt":"2023-10-24T17:18:05","slug":"la-economia-mucho-mas-dinamica-de-lo-esperado","status":"publish","type":"post","link":"https:\/\/diahabil.com.mx\/index.php\/2023\/10\/24\/la-economia-mucho-mas-dinamica-de-lo-esperado\/","title":{"rendered":"La econom\u00eda, mucho m\u00e1s din\u00e1mica de lo esperado"},"content":{"rendered":"<p>Contra lo que aseguran los opinadores del frente conservador albiceleste, en el sentido de que el pa\u00eds ha sido \u201cdestruido por las ocurrencias\u201d del presidente L\u00f3pez Obrador, las cuentas y los indicadores descubren una cara harto positiva de la econom\u00eda nacional.<\/p>\n<p>El optimismo alimenta a analistas y observadores de la marcha de la econom\u00eda, acompa\u00f1ada y regida por la dupla de economistas encargados de la rector\u00eda econ\u00f3mica, el subsecretario Gabriel Yorio Gonz\u00e1lez y el titular de la Secretar\u00eda de Hacienda, Rogelio Ram\u00edrez de la O.<\/p>\n<p>En base a los c\u00e1lculos del Instituto Nacional de Estad\u00edstica y Geograf\u00eda (INEGI), por los resultados del Indicador Global de la Actividad Econ\u00f3mica (IGAE),\u00a0la recuperaci\u00f3n de la econom\u00eda posterior al choque inicial de la pandemia ha sido m\u00e1s din\u00e1mica de lo que se hab\u00eda estimado. La informaci\u00f3n disponible sugiere que la actividad econ\u00f3mica nacional sigui\u00f3 expandi\u00e9ndose en el tercer trimestre de 2023. Y con esa expansi\u00f3n, la econom\u00eda nacional ligar\u00eda ocho trimestres consecutivos de crecimiento.<\/p>\n<p>El balance de riesgos se mantiene equilibrado. Por una parte, una mayor relocalizaci\u00f3n de empresas hacia M\u00e9xico podr\u00eda dar un impulso a la actividad econ\u00f3mica m\u00e1s grande de lo previsto. Por otra parte, no puede descartarse una desaceleraci\u00f3n notoria de la econom\u00eda estadounidense.<\/p>\n<p>De acuerdo con el Instituto Nacional de Estad\u00edstica y Geograf\u00eda (INEGI), en agosto de\u00a02023 y con cifras desestacionalizadas, el IGAE (Indicador Global de la Actividad \u00a0Econ\u00f3mica) se increment\u00f3 0.4 % a tasa mensual.\u00a0Y por componente, en el octavo mes de este a\u00f1o y con cifras ajustadas por estacionalidad, las actividades primarias aumentaron 2.6 % y las secundarias y terciarias, 0.3 por ciento.\u00a0A tasa anual y con series desestacionalizadas, el IGAE creci\u00f3 3.5 % en t\u00e9rminos reales. Por grandes grupos de actividades, las secundarias ascendieron 5 %; las terciarias, 2.8 % y las primarias, 2.7 por ciento.<\/p>\n<p>Se espera que la econom\u00eda contin\u00fae mostr\u00e1ndose resiliente ante el complejo entorno internacional y que el balance de riesgos se mantenga equilibrado. Detall\u00f3 que, por una parte, una mayor relocalizaci\u00f3n de empresas hacia M\u00e9xico podr\u00eda dar un impulso a la actividad econ\u00f3mica m\u00e1s grande de lo previsto. El crecimiento elevado del consumo de servicios. En particular, ello se explica, en buena medida, por la normalizaci\u00f3n de los patrones de gasto de las familias. No obstante, muestra cierta desaceleraci\u00f3n. El consumo de bienes nacionales tambi\u00e9n est\u00e1 expandi\u00e9ndose. Respecto de los determinantes del consumo, la confianza del consumidor se mantiene elevada. Lo anterior, junto con la masa salarial y las remesas, sostiene el dinamismo del consumo por varios meses. No obstante, seg\u00fan indicadores adelantados se espera cierta moderaci\u00f3n en el ritmo de expansi\u00f3n del consumo hacia la segunda mitad del a\u00f1o.<\/p>\n<p>Hay que destacar que la inversi\u00f3n ha tenido un fuerte impulso proveniente, tanto de la maquinaria y equipo como de la construcci\u00f3n no residencial. Esta \u00faltima se ha visto beneficiada por el fen\u00f3meno de relocalizaci\u00f3n. Sobre la demanda externa, las exportaciones automotrices han mostrado una tendencia al alza en el a\u00f1o. Ello ha compensado el retroceso en la balanza no petrolera, no automotriz y permitido reducir el d\u00e9ficit comercial con respecto a 2022.<\/p>\n","protected":false},"excerpt":{"rendered":"<p>Contra lo que aseguran los opinadores del frente conservador albiceleste, en el sentido de que el pa\u00eds ha sido \u201cdestruido por las ocurrencias\u201d del presidente L\u00f3pez Obrador, las cuentas y los indicadores descubren una cara harto positiva de la econom\u00eda nacional. El optimismo alimenta a analistas y observadores de la marcha de la econom\u00eda, acompa\u00f1ada [&hellip;]<\/p>\n","protected":false},"author":1,"featured_media":279,"comment_status":"open","ping_status":"open","sticky":false,"template":"","format":"standard","meta":{"footnotes":""},"categories":[10],"tags":[],"class_list":["post-1444","post","type-post","status-publish","format-standard","has-post-thumbnail","hentry","category-columnistas"],"yoast_head":"<!-- This site is optimized with the Yoast SEO plugin v24.6 - https:\/\/yoast.com\/wordpress\/plugins\/seo\/ -->\n<title>La econom\u00eda, mucho m\u00e1s din\u00e1mica de lo esperado - D\u00eda H\u00e1bil<\/title>\n<meta name=\"robots\" content=\"index, follow, max-snippet:-1, max-image-preview:large, max-video-preview:-1\" \/>\n<link rel=\"canonical\" href=\"https:\/\/diahabil.com.mx\/index.php\/2023\/10\/24\/la-economia-mucho-mas-dinamica-de-lo-esperado\/\" \/>\n<meta property=\"og:locale\" content=\"es_MX\" \/>\n<meta property=\"og:type\" content=\"article\" \/>\n<meta property=\"og:title\" content=\"La econom\u00eda, mucho m\u00e1s din\u00e1mica de lo esperado - D\u00eda H\u00e1bil\" \/>\n<meta property=\"og:description\" content=\"Contra lo que aseguran los opinadores del frente conservador albiceleste, en el sentido de que el pa\u00eds ha sido \u201cdestruido por las ocurrencias\u201d del presidente L\u00f3pez Obrador, las cuentas y los indicadores descubren una cara harto positiva de la econom\u00eda nacional. El optimismo alimenta a analistas y observadores de la marcha de la econom\u00eda, acompa\u00f1ada [&hellip;]\" \/>\n<meta property=\"og:url\" content=\"https:\/\/diahabil.com.mx\/index.php\/2023\/10\/24\/la-economia-mucho-mas-dinamica-de-lo-esperado\/\" \/>\n<meta property=\"og:site_name\" content=\"D\u00eda H\u00e1bil\" \/>\n<meta property=\"article:published_time\" content=\"2023-10-24T16:54:51+00:00\" \/>\n<meta property=\"article:modified_time\" content=\"2023-10-24T17:18:05+00:00\" \/>\n<meta property=\"og:image\" content=\"https:\/\/diahabil.com.mx\/wp-content\/uploads\/2023\/08\/Francisco-2-1.jpg\" \/>\n\t<meta property=\"og:image:width\" content=\"986\" \/>\n\t<meta property=\"og:image:height\" content=\"390\" \/>\n\t<meta property=\"og:image:type\" content=\"image\/jpeg\" \/>\n<meta name=\"author\" content=\"admin\" \/>\n<meta name=\"twitter:card\" content=\"summary_large_image\" \/>\n<meta name=\"twitter:label1\" content=\"Escrito por\" \/>\n\t<meta name=\"twitter:data1\" content=\"admin\" \/>\n\t<meta name=\"twitter:label2\" content=\"Tiempo de lectura\" \/>\n\t<meta name=\"twitter:data2\" content=\"3 minutos\" \/>\n<script type=\"application\/ld+json\" class=\"yoast-schema-graph\">{\"@context\":\"https:\/\/schema.org\",\"@graph\":[{\"@type\":\"WebPage\",\"@id\":\"https:\/\/diahabil.com.mx\/index.php\/2023\/10\/24\/la-economia-mucho-mas-dinamica-de-lo-esperado\/\",\"url\":\"https:\/\/diahabil.com.mx\/index.php\/2023\/10\/24\/la-economia-mucho-mas-dinamica-de-lo-esperado\/\",\"name\":\"La econom\u00eda, mucho m\u00e1s din\u00e1mica de lo esperado - D\u00eda H\u00e1bil\",\"isPartOf\":{\"@id\":\"https:\/\/diahabil.com.mx\/#website\"},\"primaryImageOfPage\":{\"@id\":\"https:\/\/diahabil.com.mx\/index.php\/2023\/10\/24\/la-economia-mucho-mas-dinamica-de-lo-esperado\/#primaryimage\"},\"image\":{\"@id\":\"https:\/\/diahabil.com.mx\/index.php\/2023\/10\/24\/la-economia-mucho-mas-dinamica-de-lo-esperado\/#primaryimage\"},\"thumbnailUrl\":\"https:\/\/diahabil.com.mx\/wp-content\/uploads\/2023\/08\/Francisco-2-1.jpg\",\"datePublished\":\"2023-10-24T16:54:51+00:00\",\"dateModified\":\"2023-10-24T17:18:05+00:00\",\"author\":{\"@id\":\"https:\/\/diahabil.com.mx\/#\/schema\/person\/570ef00d4ffe772b76a421d6cb2d8b09\"},\"breadcrumb\":{\"@id\":\"https:\/\/diahabil.com.mx\/index.php\/2023\/10\/24\/la-economia-mucho-mas-dinamica-de-lo-esperado\/#breadcrumb\"},\"inLanguage\":\"es\",\"potentialAction\":[{\"@type\":\"ReadAction\",\"target\":[\"https:\/\/diahabil.com.mx\/index.php\/2023\/10\/24\/la-economia-mucho-mas-dinamica-de-lo-esperado\/\"]}]},{\"@type\":\"ImageObject\",\"inLanguage\":\"es\",\"@id\":\"https:\/\/diahabil.com.mx\/index.php\/2023\/10\/24\/la-economia-mucho-mas-dinamica-de-lo-esperado\/#primaryimage\",\"url\":\"https:\/\/diahabil.com.mx\/wp-content\/uploads\/2023\/08\/Francisco-2-1.jpg\",\"contentUrl\":\"https:\/\/diahabil.com.mx\/wp-content\/uploads\/2023\/08\/Francisco-2-1.jpg\",\"width\":986,\"height\":390},{\"@type\":\"BreadcrumbList\",\"@id\":\"https:\/\/diahabil.com.mx\/index.php\/2023\/10\/24\/la-economia-mucho-mas-dinamica-de-lo-esperado\/#breadcrumb\",\"itemListElement\":[{\"@type\":\"ListItem\",\"position\":1,\"name\":\"Inicio\",\"item\":\"https:\/\/diahabil.com.mx\/\"},{\"@type\":\"ListItem\",\"position\":2,\"name\":\"La econom\u00eda, mucho m\u00e1s din\u00e1mica de lo esperado\"}]},{\"@type\":\"WebSite\",\"@id\":\"https:\/\/diahabil.com.mx\/#website\",\"url\":\"https:\/\/diahabil.com.mx\/\",\"name\":\"D\u00eda H\u00e1bil\",\"description\":\"\",\"potentialAction\":[{\"@type\":\"SearchAction\",\"target\":{\"@type\":\"EntryPoint\",\"urlTemplate\":\"https:\/\/diahabil.com.mx\/?s={search_term_string}\"},\"query-input\":{\"@type\":\"PropertyValueSpecification\",\"valueRequired\":true,\"valueName\":\"search_term_string\"}}],\"inLanguage\":\"es\"},{\"@type\":\"Person\",\"@id\":\"https:\/\/diahabil.com.mx\/#\/schema\/person\/570ef00d4ffe772b76a421d6cb2d8b09\",\"name\":\"admin\",\"image\":{\"@type\":\"ImageObject\",\"inLanguage\":\"es\",\"@id\":\"https:\/\/diahabil.com.mx\/#\/schema\/person\/image\/\",\"url\":\"https:\/\/secure.gravatar.com\/avatar\/5fce8033dc3d7a39faaf712c5adc43811e3b890110a3bc9865c3ebf26530486c?s=96&d=mm&r=g\",\"contentUrl\":\"https:\/\/secure.gravatar.com\/avatar\/5fce8033dc3d7a39faaf712c5adc43811e3b890110a3bc9865c3ebf26530486c?s=96&d=mm&r=g\",\"caption\":\"admin\"},\"sameAs\":[\"https:\/\/diahabil.com.mx\"],\"url\":\"https:\/\/diahabil.com.mx\/index.php\/author\/root\/\"}]}<\/script>\n<!-- \/ Yoast SEO plugin. -->","yoast_head_json":{"title":"La econom\u00eda, mucho m\u00e1s din\u00e1mica de lo esperado - D\u00eda H\u00e1bil","robots":{"index":"index","follow":"follow","max-snippet":"max-snippet:-1","max-image-preview":"max-image-preview:large","max-video-preview":"max-video-preview:-1"},"canonical":"https:\/\/diahabil.com.mx\/index.php\/2023\/10\/24\/la-economia-mucho-mas-dinamica-de-lo-esperado\/","og_locale":"es_MX","og_type":"article","og_title":"La econom\u00eda, mucho m\u00e1s din\u00e1mica de lo esperado - D\u00eda H\u00e1bil","og_description":"Contra lo que aseguran los opinadores del frente conservador albiceleste, en el sentido de que el pa\u00eds ha sido \u201cdestruido por las ocurrencias\u201d del presidente L\u00f3pez Obrador, las cuentas y los indicadores descubren una cara harto positiva de la econom\u00eda nacional. El optimismo alimenta a analistas y observadores de la marcha de la econom\u00eda, acompa\u00f1ada [&hellip;]","og_url":"https:\/\/diahabil.com.mx\/index.php\/2023\/10\/24\/la-economia-mucho-mas-dinamica-de-lo-esperado\/","og_site_name":"D\u00eda H\u00e1bil","article_published_time":"2023-10-24T16:54:51+00:00","article_modified_time":"2023-10-24T17:18:05+00:00","og_image":[{"width":986,"height":390,"url":"https:\/\/diahabil.com.mx\/wp-content\/uploads\/2023\/08\/Francisco-2-1.jpg","type":"image\/jpeg"}],"author":"admin","twitter_card":"summary_large_image","twitter_misc":{"Escrito por":"admin","Tiempo de lectura":"3 minutos"},"schema":{"@context":"https:\/\/schema.org","@graph":[{"@type":"WebPage","@id":"https:\/\/diahabil.com.mx\/index.php\/2023\/10\/24\/la-economia-mucho-mas-dinamica-de-lo-esperado\/","url":"https:\/\/diahabil.com.mx\/index.php\/2023\/10\/24\/la-economia-mucho-mas-dinamica-de-lo-esperado\/","name":"La econom\u00eda, mucho m\u00e1s din\u00e1mica de lo esperado - D\u00eda H\u00e1bil","isPartOf":{"@id":"https:\/\/diahabil.com.mx\/#website"},"primaryImageOfPage":{"@id":"https:\/\/diahabil.com.mx\/index.php\/2023\/10\/24\/la-economia-mucho-mas-dinamica-de-lo-esperado\/#primaryimage"},"image":{"@id":"https:\/\/diahabil.com.mx\/index.php\/2023\/10\/24\/la-economia-mucho-mas-dinamica-de-lo-esperado\/#primaryimage"},"thumbnailUrl":"https:\/\/diahabil.com.mx\/wp-content\/uploads\/2023\/08\/Francisco-2-1.jpg","datePublished":"2023-10-24T16:54:51+00:00","dateModified":"2023-10-24T17:18:05+00:00","author":{"@id":"https:\/\/diahabil.com.mx\/#\/schema\/person\/570ef00d4ffe772b76a421d6cb2d8b09"},"breadcrumb":{"@id":"https:\/\/diahabil.com.mx\/index.php\/2023\/10\/24\/la-economia-mucho-mas-dinamica-de-lo-esperado\/#breadcrumb"},"inLanguage":"es","potentialAction":[{"@type":"ReadAction","target":["https:\/\/diahabil.com.mx\/index.php\/2023\/10\/24\/la-economia-mucho-mas-dinamica-de-lo-esperado\/"]}]},{"@type":"ImageObject","inLanguage":"es","@id":"https:\/\/diahabil.com.mx\/index.php\/2023\/10\/24\/la-economia-mucho-mas-dinamica-de-lo-esperado\/#primaryimage","url":"https:\/\/diahabil.com.mx\/wp-content\/uploads\/2023\/08\/Francisco-2-1.jpg","contentUrl":"https:\/\/diahabil.com.mx\/wp-content\/uploads\/2023\/08\/Francisco-2-1.jpg","width":986,"height":390},{"@type":"BreadcrumbList","@id":"https:\/\/diahabil.com.mx\/index.php\/2023\/10\/24\/la-economia-mucho-mas-dinamica-de-lo-esperado\/#breadcrumb","itemListElement":[{"@type":"ListItem","position":1,"name":"Inicio","item":"https:\/\/diahabil.com.mx\/"},{"@type":"ListItem","position":2,"name":"La econom\u00eda, mucho m\u00e1s din\u00e1mica de lo esperado"}]},{"@type":"WebSite","@id":"https:\/\/diahabil.com.mx\/#website","url":"https:\/\/diahabil.com.mx\/","name":"D\u00eda H\u00e1bil","description":"","potentialAction":[{"@type":"SearchAction","target":{"@type":"EntryPoint","urlTemplate":"https:\/\/diahabil.com.mx\/?s={search_term_string}"},"query-input":{"@type":"PropertyValueSpecification","valueRequired":true,"valueName":"search_term_string"}}],"inLanguage":"es"},{"@type":"Person","@id":"https:\/\/diahabil.com.mx\/#\/schema\/person\/570ef00d4ffe772b76a421d6cb2d8b09","name":"admin","image":{"@type":"ImageObject","inLanguage":"es","@id":"https:\/\/diahabil.com.mx\/#\/schema\/person\/image\/","url":"https:\/\/secure.gravatar.com\/avatar\/5fce8033dc3d7a39faaf712c5adc43811e3b890110a3bc9865c3ebf26530486c?s=96&d=mm&r=g","contentUrl":"https:\/\/secure.gravatar.com\/avatar\/5fce8033dc3d7a39faaf712c5adc43811e3b890110a3bc9865c3ebf26530486c?s=96&d=mm&r=g","caption":"admin"},"sameAs":["https:\/\/diahabil.com.mx"],"url":"https:\/\/diahabil.com.mx\/index.php\/author\/root\/"}]}},"jetpack_featured_media_url":"https:\/\/diahabil.com.mx\/wp-content\/uploads\/2023\/08\/Francisco-2-1.jpg","_links":{"self":[{"href":"https:\/\/diahabil.com.mx\/index.php\/wp-json\/wp\/v2\/posts\/1444","targetHints":{"allow":["GET"]}}],"collection":[{"href":"https:\/\/diahabil.com.mx\/index.php\/wp-json\/wp\/v2\/posts"}],"about":[{"href":"https:\/\/diahabil.com.mx\/index.php\/wp-json\/wp\/v2\/types\/post"}],"author":[{"embeddable":true,"href":"https:\/\/diahabil.com.mx\/index.php\/wp-json\/wp\/v2\/users\/1"}],"replies":[{"embeddable":true,"href":"https:\/\/diahabil.com.mx\/index.php\/wp-json\/wp\/v2\/comments?post=1444"}],"version-history":[{"count":1,"href":"https:\/\/diahabil.com.mx\/index.php\/wp-json\/wp\/v2\/posts\/1444\/revisions"}],"predecessor-version":[{"id":1445,"href":"https:\/\/diahabil.com.mx\/index.php\/wp-json\/wp\/v2\/posts\/1444\/revisions\/1445"}],"wp:featuredmedia":[{"embeddable":true,"href":"https:\/\/diahabil.com.mx\/index.php\/wp-json\/wp\/v2\/media\/279"}],"wp:attachment":[{"href":"https:\/\/diahabil.com.mx\/index.php\/wp-json\/wp\/v2\/media?parent=1444"}],"wp:term":[{"taxonomy":"category","embeddable":true,"href":"https:\/\/diahabil.com.mx\/index.php\/wp-json\/wp\/v2\/categories?post=1444"},{"taxonomy":"post_tag","embeddable":true,"href":"https:\/\/diahabil.com.mx\/index.php\/wp-json\/wp\/v2\/tags?post=1444"}],"curies":[{"name":"wp","href":"https:\/\/api.w.org\/{rel}","templated":true}]}}