{"id":1078,"date":"2023-09-28T14:05:09","date_gmt":"2023-09-28T14:05:09","guid":{"rendered":"https:\/\/diahabil.com.mx\/?p=1078"},"modified":"2023-09-28T14:25:57","modified_gmt":"2023-09-28T14:25:57","slug":"persiste-y-aumenta-el-deficit-en-comercio-exterior-banxico","status":"publish","type":"post","link":"https:\/\/diahabil.com.mx\/index.php\/2023\/09\/28\/persiste-y-aumenta-el-deficit-en-comercio-exterior-banxico\/","title":{"rendered":"Persiste y aumenta el d\u00e9ficit en comercio exterior: Banxico"},"content":{"rendered":"<p><strong>Si bien M\u00e9xico export\u00f3 en agosto mercanc\u00edas por 52,360 millones de d\u00f3lares, las importaciones en ese mismo mes sumaron 53,737 millones de d\u00f3lares. De acuerdo con cifras del Banco de M\u00e9xico, el d\u00e9ficit se\u00a0<\/strong><strong>origin\u00f3 de una disminuci\u00f3n en el saldo de la balanza de productos no petroleros, el cual pas\u00f3 de un super\u00e1vit de 417 millones de d\u00f3lares en julio a uno de 354 millones de d\u00f3lares en agosto, y de un mayor d\u00e9ficit de la balanza de productos petroleros, el cual pas\u00f3 de 1,298 millones de d\u00f3lares a 1,731 millones de d\u00f3lares en esa misma comparaci\u00f3n.<\/strong><strong>\u00a0<\/strong><strong>En agosto de 2023, el valor de las exportaciones de mercanc\u00edas alcanz\u00f3 52,360 millones de d\u00f3lares, cifra integrada por 49,317 millones de d\u00f3lares de exportaciones no petroleras y por 3,042 millones de d\u00f3lares de petroleras. As\u00ed, en el mes de referencia las exportaciones totales exhibieron un aumento anual de 3.8%, el cual fue resultado neto de un incremento de 4.3% en las exportaciones no petroleras y de una reducci\u00f3n de 4.6% en las petroleras. Al interior de las exportaciones no petroleras, las dirigidas a Estados Unidos crecieron a una tasa anual de 5.2%, en tanto que las canalizadas al resto del mundo retrocedieron 0.1%.<\/strong><\/p>\n<p><strong>Por otra parte, el valor de las importaciones de mercanc\u00edas en agosto de 2023 fue de 53,737 millones de d\u00f3lares. Ello como reflejo de la combinaci\u00f3n de una contracci\u00f3n de 37.1% en las importaciones petroleras y de un crecimiento de 0.8% en las no petroleras. Al considerar las importaciones por tipo de bien, se observ\u00f3 una disminuci\u00f3n anual de 8.6% en las importaciones de bienes de uso intermedio, mientras que se presentaron expansiones de 7.5% en las importaciones de bienes de consumo y de 18.2% en las de bienes de capital. En ese mes,\u00a0<\/strong><strong>las importaciones totales mostraron un incremento mensual de 1.48% con datos desestacionalizados, el cual fue reflejo de crecimientos de 0.83% en las importaciones no petroleras y de 9.14% en las petroleras. Por tipo de bien, se presentaron avances mensuales de 5.82% en las importaciones de bienes de consumo, de 0.83% en las de bienes de uso intermedio y de 0.12% en las de bienes de capital.<\/strong><\/p>\n<p><strong>Esfuerzos por aumentar el diagn\u00f3stico temprano del c\u00e1ncer de mama.<\/strong><\/p>\n<p>Mientras en Estados Unidos el diagn\u00f3stico temprano de c\u00e1ncer de mama alcanza un exorbitante 95%, en nuestro pa\u00eds nos enfrentamos a una realidad desafiante, ya que solo 60% de la poblaci\u00f3n que presenta esta enfermedad es diagnosticada en etapas iniciales; por lo que el 40% restante son diagnosticados de manera tard\u00eda y en un estado de met\u00e1stasis.<\/p>\n<p>Para cambiar el panorama de la enfermedad, la Asociaci\u00f3n Mexicana de Lucha Contra el C\u00e1ncer, que dirige Mayra Galindo, detallar\u00e1 este jueves en una conferencia los pormenores de su campa\u00f1a \u201cQueSenosHagaCostumbre hablar claro de las ventajas de tener un diagn\u00f3stico temprano y el porqu\u00e9 es importante, tambi\u00e9n, buscar un tratamiento personalizado y del acompa\u00f1amiento multidisciplinario para las personas que viven con este tipo de c\u00e1ncer.<\/p>\n<p>Las actrices Gabriela de la Garza, M\u00f3nica Dionne y M\u00f3nica Huarte, contribuir\u00edan al ser embajadoras para hablar claro sobre la importancia de que un estudio a tiempo, la autoexploraci\u00f3n y la informaci\u00f3n oportuna, son la clave para aumentar la supervivencia ante este padecimiento; ya que hoy, el c\u00e1ncer de mama es la quinta causa de muerte en mujeres en la mayor\u00eda de los pa\u00edses.<\/p>\n<p><strong>Fundaci\u00f3n Citi destina 25 millones de d\u00f3lares para apoyo alimentario.<\/strong><\/p>\n<p>La Fundaci\u00f3n Citi anunci\u00f3 en NY inform\u00f3 que est\u00e1n identificando y apoyando a organizaciones comunitarias que est\u00e1n desarrollando soluciones innovadoras para algunos de los desaf\u00edos sociales y econ\u00f3micos que enfrentan las comunidades de bajos ingresos. Inicialmente presentado en el\u00a0<em>Global Citizen Festival\u00a0<\/em>este fin de semana, el primer\u00a0<em>Desaf\u00edo de Innovaci\u00f3n Global<\/em>\u00a0est\u00e1 proporcionando un total de US$ 25 millones a 50 organizaciones comunitarias que trabajan para mejorar la seguridad alimentaria y fortalecer la salud financiera de familias y comunidades de bajos ingresos alrededor del mundo.<\/p>\n<p>En esta primera edici\u00f3n del\u00a0<em>Desaf\u00edo de Innovaci\u00f3n Global<\/em>, cada organizaci\u00f3n beneficiaria ha recibido US$ 500,000 para apoyar sus programas en cuatro \u00e1reas clave: acceso a alimentos, disponibilidad, asequibilidad y resiliencia comunitaria. Las innovaciones van desde el lanzamiento de aplicaciones que conectar\u00e1n la oferta y la demanda de alimentos hasta proyectos piloto de nuevas tecnolog\u00edas y pr\u00e1cticas agr\u00edcolas sostenibles, la creaci\u00f3n de huertos urbanos y m\u00e1s. Entre otros, se destacan:<\/p>\n<p><strong>Registra Monterrey el mayor crecimiento aeron\u00e1utico comercial en la historia.<\/strong><\/p>\n<p><strong>Viva Aerobus\u00a0<\/strong>anunci\u00f3 seis nuevas rutas hacia Estados Unidos con destino a Austin, Denver, Miami, Nueva York (JFK), San Francisco (Oakland) y Orlando; tres al interior de M\u00e9xico: Durango, Tapachula y La Paz; y el aumento de vuelos en una gran parte de sus rutas ya en operaci\u00f3n desde Monterrey.<\/p>\n<p>Esta ampliaci\u00f3n de servicios resultar\u00e1 en un total de 13 millones de asientos ofertados en Monterrey para 2024; ello representa un aumento en la capacidad del 23%, casi 2.5 millones de asientos m\u00e1s que lo que operar\u00e1 en el 2023. Este incremento es el m\u00e1s grande que ha realizado Viva en sus 16 a\u00f1os de historia, fortaleci\u00e9ndose como la aerol\u00ednea l\u00edder y m\u00e1s importante de la ciudad.<\/p>\n<p>\u201cEn Nuevo Le\u00f3n estamos trabajando para abrirle la puerta al mundo y estar mejor conectados. Me da mucho gusto que, as\u00ed como nosotros lo estamos haciendo desde el Gobierno, Viva Aerobus sigue demostrando su compromiso por conectar a nuestro estado con el mundo con nuevas rutas a algunas de las ciudades m\u00e1s importantes de Estados Unidos como Denver, Miami, Austin, San Francisco, Orlando y Nueva York. Con esto los neoleoneses podr\u00e1n visitar estas ciudades con vuelos directos y m\u00e1s personas podr\u00e1n venir a Nuevo Le\u00f3n a conocer nuestra cultura y hacer negocios\u201d, afirm\u00f3 Samuel Garc\u00eda Sep\u00falveda, gobernador de Nuevo Le\u00f3n.<\/p>\n<p><a href=\"mailto:loscapitales@yahoo.com.mx\" target=\"_blank\" rel=\"noreferrer noopener\">loscapitales@yahoo.com.mx<\/a><\/p>\n<p><a href=\"http:\/\/www.agendadeinversiones.com.mx\/\" target=\"_blank\" rel=\"noreferrer noopener\">www.agendadeinversiones.com.mx<\/a><\/p>\n<p>Twiter: @Edgar4712<\/p>\n","protected":false},"excerpt":{"rendered":"<p>Si bien M\u00e9xico export\u00f3 en agosto mercanc\u00edas por 52,360 millones de d\u00f3lares, las importaciones en ese mismo mes sumaron 53,737 millones de d\u00f3lares. De acuerdo con cifras del Banco de M\u00e9xico, el d\u00e9ficit se\u00a0origin\u00f3 de una disminuci\u00f3n en el saldo de la balanza de productos no petroleros, el cual pas\u00f3 de un super\u00e1vit de 417 [&hellip;]<\/p>\n","protected":false},"author":1,"featured_media":285,"comment_status":"open","ping_status":"open","sticky":false,"template":"","format":"standard","meta":{"footnotes":""},"categories":[10],"tags":[],"class_list":["post-1078","post","type-post","status-publish","format-standard","has-post-thumbnail","hentry","category-columnistas"],"yoast_head":"<!-- This site is optimized with the Yoast SEO plugin v24.6 - https:\/\/yoast.com\/wordpress\/plugins\/seo\/ -->\n<title>Persiste y aumenta el d\u00e9ficit en comercio exterior: Banxico - D\u00eda H\u00e1bil<\/title>\n<meta name=\"robots\" content=\"index, follow, max-snippet:-1, max-image-preview:large, max-video-preview:-1\" \/>\n<link rel=\"canonical\" href=\"https:\/\/diahabil.com.mx\/index.php\/2023\/09\/28\/persiste-y-aumenta-el-deficit-en-comercio-exterior-banxico\/\" \/>\n<meta property=\"og:locale\" content=\"es_MX\" \/>\n<meta property=\"og:type\" content=\"article\" \/>\n<meta property=\"og:title\" content=\"Persiste y aumenta el d\u00e9ficit en comercio exterior: Banxico - D\u00eda H\u00e1bil\" \/>\n<meta property=\"og:description\" content=\"Si bien M\u00e9xico export\u00f3 en agosto mercanc\u00edas por 52,360 millones de d\u00f3lares, las importaciones en ese mismo mes sumaron 53,737 millones de d\u00f3lares. De acuerdo con cifras del Banco de M\u00e9xico, el d\u00e9ficit se\u00a0origin\u00f3 de una disminuci\u00f3n en el saldo de la balanza de productos no petroleros, el cual pas\u00f3 de un super\u00e1vit de 417 [&hellip;]\" \/>\n<meta property=\"og:url\" content=\"https:\/\/diahabil.com.mx\/index.php\/2023\/09\/28\/persiste-y-aumenta-el-deficit-en-comercio-exterior-banxico\/\" \/>\n<meta property=\"og:site_name\" content=\"D\u00eda H\u00e1bil\" \/>\n<meta property=\"article:published_time\" content=\"2023-09-28T14:05:09+00:00\" \/>\n<meta property=\"article:modified_time\" content=\"2023-09-28T14:25:57+00:00\" \/>\n<meta property=\"og:image\" content=\"https:\/\/diahabil.com.mx\/wp-content\/uploads\/2023\/08\/Edgar-1.jpg\" \/>\n\t<meta property=\"og:image:width\" content=\"986\" \/>\n\t<meta property=\"og:image:height\" content=\"390\" \/>\n\t<meta property=\"og:image:type\" content=\"image\/jpeg\" \/>\n<meta name=\"author\" content=\"admin\" \/>\n<meta name=\"twitter:card\" content=\"summary_large_image\" \/>\n<meta name=\"twitter:label1\" content=\"Escrito por\" \/>\n\t<meta name=\"twitter:data1\" content=\"admin\" \/>\n\t<meta name=\"twitter:label2\" content=\"Tiempo de lectura\" \/>\n\t<meta name=\"twitter:data2\" content=\"5 minutos\" \/>\n<script type=\"application\/ld+json\" class=\"yoast-schema-graph\">{\"@context\":\"https:\/\/schema.org\",\"@graph\":[{\"@type\":\"WebPage\",\"@id\":\"https:\/\/diahabil.com.mx\/index.php\/2023\/09\/28\/persiste-y-aumenta-el-deficit-en-comercio-exterior-banxico\/\",\"url\":\"https:\/\/diahabil.com.mx\/index.php\/2023\/09\/28\/persiste-y-aumenta-el-deficit-en-comercio-exterior-banxico\/\",\"name\":\"Persiste y aumenta el d\u00e9ficit en comercio exterior: Banxico - D\u00eda H\u00e1bil\",\"isPartOf\":{\"@id\":\"https:\/\/diahabil.com.mx\/#website\"},\"primaryImageOfPage\":{\"@id\":\"https:\/\/diahabil.com.mx\/index.php\/2023\/09\/28\/persiste-y-aumenta-el-deficit-en-comercio-exterior-banxico\/#primaryimage\"},\"image\":{\"@id\":\"https:\/\/diahabil.com.mx\/index.php\/2023\/09\/28\/persiste-y-aumenta-el-deficit-en-comercio-exterior-banxico\/#primaryimage\"},\"thumbnailUrl\":\"https:\/\/diahabil.com.mx\/wp-content\/uploads\/2023\/08\/Edgar-1.jpg\",\"datePublished\":\"2023-09-28T14:05:09+00:00\",\"dateModified\":\"2023-09-28T14:25:57+00:00\",\"author\":{\"@id\":\"https:\/\/diahabil.com.mx\/#\/schema\/person\/570ef00d4ffe772b76a421d6cb2d8b09\"},\"breadcrumb\":{\"@id\":\"https:\/\/diahabil.com.mx\/index.php\/2023\/09\/28\/persiste-y-aumenta-el-deficit-en-comercio-exterior-banxico\/#breadcrumb\"},\"inLanguage\":\"es\",\"potentialAction\":[{\"@type\":\"ReadAction\",\"target\":[\"https:\/\/diahabil.com.mx\/index.php\/2023\/09\/28\/persiste-y-aumenta-el-deficit-en-comercio-exterior-banxico\/\"]}]},{\"@type\":\"ImageObject\",\"inLanguage\":\"es\",\"@id\":\"https:\/\/diahabil.com.mx\/index.php\/2023\/09\/28\/persiste-y-aumenta-el-deficit-en-comercio-exterior-banxico\/#primaryimage\",\"url\":\"https:\/\/diahabil.com.mx\/wp-content\/uploads\/2023\/08\/Edgar-1.jpg\",\"contentUrl\":\"https:\/\/diahabil.com.mx\/wp-content\/uploads\/2023\/08\/Edgar-1.jpg\",\"width\":986,\"height\":390},{\"@type\":\"BreadcrumbList\",\"@id\":\"https:\/\/diahabil.com.mx\/index.php\/2023\/09\/28\/persiste-y-aumenta-el-deficit-en-comercio-exterior-banxico\/#breadcrumb\",\"itemListElement\":[{\"@type\":\"ListItem\",\"position\":1,\"name\":\"Inicio\",\"item\":\"https:\/\/diahabil.com.mx\/\"},{\"@type\":\"ListItem\",\"position\":2,\"name\":\"Persiste y aumenta el d\u00e9ficit en comercio exterior: Banxico\"}]},{\"@type\":\"WebSite\",\"@id\":\"https:\/\/diahabil.com.mx\/#website\",\"url\":\"https:\/\/diahabil.com.mx\/\",\"name\":\"D\u00eda H\u00e1bil\",\"description\":\"\",\"potentialAction\":[{\"@type\":\"SearchAction\",\"target\":{\"@type\":\"EntryPoint\",\"urlTemplate\":\"https:\/\/diahabil.com.mx\/?s={search_term_string}\"},\"query-input\":{\"@type\":\"PropertyValueSpecification\",\"valueRequired\":true,\"valueName\":\"search_term_string\"}}],\"inLanguage\":\"es\"},{\"@type\":\"Person\",\"@id\":\"https:\/\/diahabil.com.mx\/#\/schema\/person\/570ef00d4ffe772b76a421d6cb2d8b09\",\"name\":\"admin\",\"image\":{\"@type\":\"ImageObject\",\"inLanguage\":\"es\",\"@id\":\"https:\/\/diahabil.com.mx\/#\/schema\/person\/image\/\",\"url\":\"https:\/\/secure.gravatar.com\/avatar\/5fce8033dc3d7a39faaf712c5adc43811e3b890110a3bc9865c3ebf26530486c?s=96&d=mm&r=g\",\"contentUrl\":\"https:\/\/secure.gravatar.com\/avatar\/5fce8033dc3d7a39faaf712c5adc43811e3b890110a3bc9865c3ebf26530486c?s=96&d=mm&r=g\",\"caption\":\"admin\"},\"sameAs\":[\"https:\/\/diahabil.com.mx\"],\"url\":\"https:\/\/diahabil.com.mx\/index.php\/author\/root\/\"}]}<\/script>\n<!-- \/ Yoast SEO plugin. -->","yoast_head_json":{"title":"Persiste y aumenta el d\u00e9ficit en comercio exterior: Banxico - D\u00eda H\u00e1bil","robots":{"index":"index","follow":"follow","max-snippet":"max-snippet:-1","max-image-preview":"max-image-preview:large","max-video-preview":"max-video-preview:-1"},"canonical":"https:\/\/diahabil.com.mx\/index.php\/2023\/09\/28\/persiste-y-aumenta-el-deficit-en-comercio-exterior-banxico\/","og_locale":"es_MX","og_type":"article","og_title":"Persiste y aumenta el d\u00e9ficit en comercio exterior: Banxico - D\u00eda H\u00e1bil","og_description":"Si bien M\u00e9xico export\u00f3 en agosto mercanc\u00edas por 52,360 millones de d\u00f3lares, las importaciones en ese mismo mes sumaron 53,737 millones de d\u00f3lares. De acuerdo con cifras del Banco de M\u00e9xico, el d\u00e9ficit se\u00a0origin\u00f3 de una disminuci\u00f3n en el saldo de la balanza de productos no petroleros, el cual pas\u00f3 de un super\u00e1vit de 417 [&hellip;]","og_url":"https:\/\/diahabil.com.mx\/index.php\/2023\/09\/28\/persiste-y-aumenta-el-deficit-en-comercio-exterior-banxico\/","og_site_name":"D\u00eda H\u00e1bil","article_published_time":"2023-09-28T14:05:09+00:00","article_modified_time":"2023-09-28T14:25:57+00:00","og_image":[{"width":986,"height":390,"url":"https:\/\/diahabil.com.mx\/wp-content\/uploads\/2023\/08\/Edgar-1.jpg","type":"image\/jpeg"}],"author":"admin","twitter_card":"summary_large_image","twitter_misc":{"Escrito por":"admin","Tiempo de lectura":"5 minutos"},"schema":{"@context":"https:\/\/schema.org","@graph":[{"@type":"WebPage","@id":"https:\/\/diahabil.com.mx\/index.php\/2023\/09\/28\/persiste-y-aumenta-el-deficit-en-comercio-exterior-banxico\/","url":"https:\/\/diahabil.com.mx\/index.php\/2023\/09\/28\/persiste-y-aumenta-el-deficit-en-comercio-exterior-banxico\/","name":"Persiste y aumenta el d\u00e9ficit en comercio exterior: Banxico - D\u00eda H\u00e1bil","isPartOf":{"@id":"https:\/\/diahabil.com.mx\/#website"},"primaryImageOfPage":{"@id":"https:\/\/diahabil.com.mx\/index.php\/2023\/09\/28\/persiste-y-aumenta-el-deficit-en-comercio-exterior-banxico\/#primaryimage"},"image":{"@id":"https:\/\/diahabil.com.mx\/index.php\/2023\/09\/28\/persiste-y-aumenta-el-deficit-en-comercio-exterior-banxico\/#primaryimage"},"thumbnailUrl":"https:\/\/diahabil.com.mx\/wp-content\/uploads\/2023\/08\/Edgar-1.jpg","datePublished":"2023-09-28T14:05:09+00:00","dateModified":"2023-09-28T14:25:57+00:00","author":{"@id":"https:\/\/diahabil.com.mx\/#\/schema\/person\/570ef00d4ffe772b76a421d6cb2d8b09"},"breadcrumb":{"@id":"https:\/\/diahabil.com.mx\/index.php\/2023\/09\/28\/persiste-y-aumenta-el-deficit-en-comercio-exterior-banxico\/#breadcrumb"},"inLanguage":"es","potentialAction":[{"@type":"ReadAction","target":["https:\/\/diahabil.com.mx\/index.php\/2023\/09\/28\/persiste-y-aumenta-el-deficit-en-comercio-exterior-banxico\/"]}]},{"@type":"ImageObject","inLanguage":"es","@id":"https:\/\/diahabil.com.mx\/index.php\/2023\/09\/28\/persiste-y-aumenta-el-deficit-en-comercio-exterior-banxico\/#primaryimage","url":"https:\/\/diahabil.com.mx\/wp-content\/uploads\/2023\/08\/Edgar-1.jpg","contentUrl":"https:\/\/diahabil.com.mx\/wp-content\/uploads\/2023\/08\/Edgar-1.jpg","width":986,"height":390},{"@type":"BreadcrumbList","@id":"https:\/\/diahabil.com.mx\/index.php\/2023\/09\/28\/persiste-y-aumenta-el-deficit-en-comercio-exterior-banxico\/#breadcrumb","itemListElement":[{"@type":"ListItem","position":1,"name":"Inicio","item":"https:\/\/diahabil.com.mx\/"},{"@type":"ListItem","position":2,"name":"Persiste y aumenta el d\u00e9ficit en comercio exterior: Banxico"}]},{"@type":"WebSite","@id":"https:\/\/diahabil.com.mx\/#website","url":"https:\/\/diahabil.com.mx\/","name":"D\u00eda H\u00e1bil","description":"","potentialAction":[{"@type":"SearchAction","target":{"@type":"EntryPoint","urlTemplate":"https:\/\/diahabil.com.mx\/?s={search_term_string}"},"query-input":{"@type":"PropertyValueSpecification","valueRequired":true,"valueName":"search_term_string"}}],"inLanguage":"es"},{"@type":"Person","@id":"https:\/\/diahabil.com.mx\/#\/schema\/person\/570ef00d4ffe772b76a421d6cb2d8b09","name":"admin","image":{"@type":"ImageObject","inLanguage":"es","@id":"https:\/\/diahabil.com.mx\/#\/schema\/person\/image\/","url":"https:\/\/secure.gravatar.com\/avatar\/5fce8033dc3d7a39faaf712c5adc43811e3b890110a3bc9865c3ebf26530486c?s=96&d=mm&r=g","contentUrl":"https:\/\/secure.gravatar.com\/avatar\/5fce8033dc3d7a39faaf712c5adc43811e3b890110a3bc9865c3ebf26530486c?s=96&d=mm&r=g","caption":"admin"},"sameAs":["https:\/\/diahabil.com.mx"],"url":"https:\/\/diahabil.com.mx\/index.php\/author\/root\/"}]}},"jetpack_featured_media_url":"https:\/\/diahabil.com.mx\/wp-content\/uploads\/2023\/08\/Edgar-1.jpg","_links":{"self":[{"href":"https:\/\/diahabil.com.mx\/index.php\/wp-json\/wp\/v2\/posts\/1078","targetHints":{"allow":["GET"]}}],"collection":[{"href":"https:\/\/diahabil.com.mx\/index.php\/wp-json\/wp\/v2\/posts"}],"about":[{"href":"https:\/\/diahabil.com.mx\/index.php\/wp-json\/wp\/v2\/types\/post"}],"author":[{"embeddable":true,"href":"https:\/\/diahabil.com.mx\/index.php\/wp-json\/wp\/v2\/users\/1"}],"replies":[{"embeddable":true,"href":"https:\/\/diahabil.com.mx\/index.php\/wp-json\/wp\/v2\/comments?post=1078"}],"version-history":[{"count":1,"href":"https:\/\/diahabil.com.mx\/index.php\/wp-json\/wp\/v2\/posts\/1078\/revisions"}],"predecessor-version":[{"id":1079,"href":"https:\/\/diahabil.com.mx\/index.php\/wp-json\/wp\/v2\/posts\/1078\/revisions\/1079"}],"wp:featuredmedia":[{"embeddable":true,"href":"https:\/\/diahabil.com.mx\/index.php\/wp-json\/wp\/v2\/media\/285"}],"wp:attachment":[{"href":"https:\/\/diahabil.com.mx\/index.php\/wp-json\/wp\/v2\/media?parent=1078"}],"wp:term":[{"taxonomy":"category","embeddable":true,"href":"https:\/\/diahabil.com.mx\/index.php\/wp-json\/wp\/v2\/categories?post=1078"},{"taxonomy":"post_tag","embeddable":true,"href":"https:\/\/diahabil.com.mx\/index.php\/wp-json\/wp\/v2\/tags?post=1078"}],"curies":[{"name":"wp","href":"https:\/\/api.w.org\/{rel}","templated":true}]}}