{"id":1076,"date":"2023-09-28T06:37:56","date_gmt":"2023-09-28T06:37:56","guid":{"rendered":"https:\/\/diahabil.com.mx\/?p=1076"},"modified":"2023-09-28T14:34:56","modified_gmt":"2023-09-28T14:34:56","slug":"harfuch-si-estuvo-en-las-reuniones-por-los-43-ramirez-marin-el-traidor","status":"publish","type":"post","link":"https:\/\/diahabil.com.mx\/index.php\/2023\/09\/28\/harfuch-si-estuvo-en-las-reuniones-por-los-43-ramirez-marin-el-traidor\/","title":{"rendered":"Harfuch s\u00ed estuvo en las reuniones por los 43; Ram\u00edrez Mar\u00edn, el traidor  \u00a0"},"content":{"rendered":"<p>\u201cEst\u00e1, as\u00ed de concreto\u201d.<\/p>\n<p>Es <strong>Alejandro Encinas Rodr\u00edguez <\/strong>en referencia a la presencia de <strong>Omar Garc\u00eda Harfuch<\/strong>, candidato de <strong>Claudia Sheinbaum<\/strong> al gobierno de la Ciudad de M\u00e9xico, en las reuniones del gobierno federal para inventar la llamada verdad hist\u00f3rica del caso Ayotzinapa en 2014.<\/p>\n<p>Justo un d\u00eda antes de que Morena revele los nombres de los cuatro aspirantes al gobierno capitalino que participar\u00e1n en el proceso de selecci\u00f3n \u2013<em>dedazo<\/em>&#8211; o encuesta, un dardo envenenado fue lanzado en contra del hijo de la actriz <strong>Mar\u00eda Harfuch Hidalgo (Mar\u00eda Sort\u00e9)<\/strong> y <strong>Javier Garc\u00eda Paniagua<\/strong> y de la misma <strong>Sheinbaum<\/strong> por el titular de la Comisi\u00f3n para la Verdad y Acceso a la Justicia en el Caso Ayotzinapa.<\/p>\n<p>En Movimiento Regeneraci\u00f3n Nacional (Morena) no todo es abrazos, armon\u00eda y hermandad, como presume <strong>Andr\u00e9s Manuel L\u00f3pez Obrador<\/strong>, porque \u201cno somos iguales\u201d.<\/p>\n<p>Alguien o alguienes sugiri\u00f3 o sugirieron mantener en la lista de los asistentes al ex secretario de Seguridad capitalino, pese a que \u00e9ste ya hab\u00eda dicho en anteriores ocasiones que as\u00ed lo hizo, pero que no fue en calidad de director o jefe de la polic\u00eda federal o estatal.<\/p>\n<p>Que su funci\u00f3n y cargo era menor y que, adem\u00e1s, no particip\u00f3 en la elaboraci\u00f3n de esa verdad, sino en la definici\u00f3n de la estrategia para investigar el caso.<\/p>\n<p>&#8211; No era coordinador, no estaba en Guerrero. Andaba en Michoac\u00e1n, comisionado.<\/p>\n<p>En Michoac\u00e1n hab\u00eda m\u00e1s de 300 o 400 personas que saben que yo estaba al mando de ellos, dijo en un comunicado el ex Comisario en la divisi\u00f3n de Gendarmer\u00eda.<\/p>\n<p>-Los agentes de la Fiscal\u00eda mencionaron a <strong>Omar Garc\u00eda Harfuch<\/strong> como uno de los participantes, cuestion\u00f3 un reportero al tambi\u00e9n subsecretario de Gobernaci\u00f3n en el marco del segundo informe del caso, que no difiere de esa verdad hist\u00f3rica, del cansado procurador <strong>Jes\u00fas Murillo Karam<\/strong> y del gobierno de <strong>Enrique Pe\u00f1a Nieto<\/strong>.<\/p>\n<p>&#8211; Est\u00e1 tanto en el primero como en el segundo informe, revir\u00f3 Encinas Rodr\u00edguez, pero no quiso mostrar la l\u00e1mina.<\/p>\n<p>-S\u00ed aparece. Claro que s\u00ed, hombre.<\/p>\n<p>Si les paso la l\u00e1mina, la van a fotografiar<\/p>\n<p>Est\u00e1, as\u00ed de concreto.<\/p>\n<p>Es un asunto de la Fiscal\u00eda General de la Rep\u00fablica (FGR), concluy\u00f3.<\/p>\n<p>Pero el dardo hab\u00eda sido lanzado y dio justo en el blanco, porque hoy ser\u00e1n dados a conocer los cuatro nombres de los que saldr\u00e1 el candidato o candidata.<\/p>\n<p>Y <strong>Garc\u00eda Harfuch<\/strong> es el favorito en las encuestas. Nadie en Morena tiene n\u00fameros siquiera cercanos a \u00e9l.<\/p>\n<p>\u00bfQui\u00e9n quiso golpearlo, exhibirlo, no s\u00f3lo a \u00e9l sino a <strong>Sheinbaum<\/strong>?<\/p>\n<p><strong>Mario Delgado<\/strong>, l\u00edder de Morena, pretendi\u00f3 deslindarlo, pero lo hizo con argumentos pobres.<\/p>\n<p>Mejor dicho, sin argumentos, porque la informaci\u00f3n se conoce desde hace varios a\u00f1os, incluso desde antes que <strong>Garc\u00eda Harfuch<\/strong> llegara a la Secretar\u00eda de Seguridad de la capital, a invitaci\u00f3n de la inminente candidata presidencial de Morena.<\/p>\n<p>-Estamos ya en \u00e9poca electoral. Es temporada de buitres, entonces que nadie se extra\u00f1e que empiecen campa\u00f1as negras con noticias falsas de nuestros compa\u00f1eros.<\/p>\n<p>Hasta el momento yo no tengo conocimiento de ninguna informaci\u00f3n que lo involucre, dijo pero en lugar de ayudar perjudic\u00f3, porque es de todos sabido que s\u00ed estuvo en esas reuniones.<\/p>\n<p><strong>\u00a0<\/strong><strong>JORGE CARLOS RAM\u00cdREZ, EL TRAIDOR<\/strong><\/p>\n<p><strong>Jorge Carlos Ram\u00edrez Mar\u00edn<\/strong> es un vulgar traidor.<\/p>\n<p>Las palabras de su hoy patr\u00f3n \u2013 <strong>Andr\u00e9s Manuel L\u00f3pez Obrador<\/strong>&#8211; aplican a la perfecci\u00f3n para definir a quien ha dejado al Partido Revolucionario Institucional (PRI), del que comi\u00f3, y muy bien, cuarenta a\u00f1os, porque su ambici\u00f3n pudo m\u00e1s que sus principios que, esta visto, no tiene ni tuvo jam\u00e1s.<\/p>\n<p>El senador del tricolor renunci\u00f3 para ser candidato del Partido Verde Ecologista, que ni es partido ni es verde ni, mucho menos, ecologista pero s\u00ed tapete de Morena, a la gubernatura de Yucat\u00e1n.<\/p>\n<p>Y todav\u00eda se indigna cuando le llaman traidor, como hizo <strong>Carolina Viggiano<\/strong>, secretaria general del PRI, que acus\u00f3 una estrategia de Palacio Nacional para intentar afectar al partido y a la coalici\u00f3n <strong>Frente Amplio por M\u00e9xico<\/strong>, que a\u00fan no decide si competir\u00e1 as\u00ed, en equipo, en Yucat\u00e1n, donde el candidato ser\u00e1 el integrante del Partido Acci\u00f3n Nacional (PAN), <strong>Ren\u00e1n Barrera Concha<\/strong>, alcalde de M\u00e9rida.<\/p>\n<p><strong>\u00a0 Rub\u00e9n Moreira<\/strong>, coordinador de los diputados pri\u00edstas, lo llama tr\u00e1nsfuga e ingrato, porque fue legislador cinco veces y plurinominal, adem\u00e1s de funcionario de alto nivel gracias al partido.<\/p>\n<p>-Carlos, s\u00f3lo hubieras dicho adi\u00f3s, nadie compra tus argumentos, le dijo.<\/p>\n<p><strong>Ram\u00edrez Mar\u00edn<\/strong> ser\u00e1 candidato de Morena \u2013el pretexto es el Verde-, lo que confirma la traici\u00f3n.<\/p>\n<p><strong>Eruviel \u00c1vila<\/strong>, mediocre ex gobernador del Estado de M\u00e9xico, tambi\u00e9n es Verde \u2026 y trepador.<\/p>\n<p><strong>V\u00e1monos<\/strong>:<\/p>\n<p><strong>Abelardo Mart\u00edn<\/strong> deja la coordinaci\u00f3n de comunicaci\u00f3n en el Senado.<\/p>\n<p>Va al Edomex, con <strong>Delfina G\u00f3mez<\/strong>. Buena decisi\u00f3n de <strong>Delfina<\/strong>, que en 2017 se qued\u00f3 cerca de <strong>Alfredo del Mazo<\/strong>, apoyada en comunicaci\u00f3n por <strong>Abelardo<\/strong>, precisamente. Ayer solicit\u00f3 licencia en el Senado <strong>Higinio Mart\u00ednez<\/strong>. Va al equipo de la gobernadora.<\/p>\n<p><strong>\u00a0\u00a0\u00a0 \u00a0\u00a0 \u00a0\u00a0 \u00a0\u00a0 \u00a0\u00a0 \u00a0\u00a0 \u00a0\u00a0 \u00a0\u00a0 \u00a0\u00a0 \u00a0\u00a0<a href=\"mailto:albermontmex@yahoo.es\">albermontmex@yahoo.es<\/a>\u00a0\u00a0\u00a0 @albermontmex<\/strong><\/p>\n","protected":false},"excerpt":{"rendered":"<p>\u201cEst\u00e1, as\u00ed de concreto\u201d. Es Alejandro Encinas Rodr\u00edguez en referencia a la presencia de Omar Garc\u00eda Harfuch, candidato de Claudia Sheinbaum al gobierno de la Ciudad de M\u00e9xico, en las reuniones del gobierno federal para inventar la llamada verdad hist\u00f3rica del caso Ayotzinapa en 2014. Justo un d\u00eda antes de que Morena revele los nombres [&hellip;]<\/p>\n","protected":false},"author":1,"featured_media":228,"comment_status":"open","ping_status":"open","sticky":false,"template":"","format":"standard","meta":{"footnotes":""},"categories":[10],"tags":[],"class_list":["post-1076","post","type-post","status-publish","format-standard","has-post-thumbnail","hentry","category-columnistas"],"yoast_head":"<!-- This site is optimized with the Yoast SEO plugin v24.6 - https:\/\/yoast.com\/wordpress\/plugins\/seo\/ -->\n<title>Harfuch s\u00ed estuvo en las reuniones por los 43; Ram\u00edrez Mar\u00edn, el traidor \u00a0 - D\u00eda H\u00e1bil<\/title>\n<meta name=\"robots\" content=\"index, follow, max-snippet:-1, max-image-preview:large, max-video-preview:-1\" \/>\n<link rel=\"canonical\" href=\"https:\/\/diahabil.com.mx\/index.php\/2023\/09\/28\/harfuch-si-estuvo-en-las-reuniones-por-los-43-ramirez-marin-el-traidor\/\" \/>\n<meta property=\"og:locale\" content=\"es_MX\" \/>\n<meta property=\"og:type\" content=\"article\" \/>\n<meta property=\"og:title\" content=\"Harfuch s\u00ed estuvo en las reuniones por los 43; Ram\u00edrez Mar\u00edn, el traidor \u00a0 - D\u00eda H\u00e1bil\" \/>\n<meta property=\"og:description\" content=\"\u201cEst\u00e1, as\u00ed de concreto\u201d. Es Alejandro Encinas Rodr\u00edguez en referencia a la presencia de Omar Garc\u00eda Harfuch, candidato de Claudia Sheinbaum al gobierno de la Ciudad de M\u00e9xico, en las reuniones del gobierno federal para inventar la llamada verdad hist\u00f3rica del caso Ayotzinapa en 2014. Justo un d\u00eda antes de que Morena revele los nombres [&hellip;]\" \/>\n<meta property=\"og:url\" content=\"https:\/\/diahabil.com.mx\/index.php\/2023\/09\/28\/harfuch-si-estuvo-en-las-reuniones-por-los-43-ramirez-marin-el-traidor\/\" \/>\n<meta property=\"og:site_name\" content=\"D\u00eda H\u00e1bil\" \/>\n<meta property=\"article:published_time\" content=\"2023-09-28T06:37:56+00:00\" \/>\n<meta property=\"article:modified_time\" content=\"2023-09-28T14:34:56+00:00\" \/>\n<meta property=\"og:image\" content=\"https:\/\/diahabil.com.mx\/wp-content\/uploads\/2023\/07\/DiaHabil.jpg\" \/>\n\t<meta property=\"og:image:width\" content=\"1024\" \/>\n\t<meta property=\"og:image:height\" content=\"550\" \/>\n\t<meta property=\"og:image:type\" content=\"image\/jpeg\" \/>\n<meta name=\"author\" content=\"admin\" \/>\n<meta name=\"twitter:card\" content=\"summary_large_image\" \/>\n<meta name=\"twitter:label1\" content=\"Escrito por\" \/>\n\t<meta name=\"twitter:data1\" content=\"admin\" \/>\n\t<meta name=\"twitter:label2\" content=\"Tiempo de lectura\" \/>\n\t<meta name=\"twitter:data2\" content=\"4 minutos\" \/>\n<script type=\"application\/ld+json\" class=\"yoast-schema-graph\">{\"@context\":\"https:\/\/schema.org\",\"@graph\":[{\"@type\":\"WebPage\",\"@id\":\"https:\/\/diahabil.com.mx\/index.php\/2023\/09\/28\/harfuch-si-estuvo-en-las-reuniones-por-los-43-ramirez-marin-el-traidor\/\",\"url\":\"https:\/\/diahabil.com.mx\/index.php\/2023\/09\/28\/harfuch-si-estuvo-en-las-reuniones-por-los-43-ramirez-marin-el-traidor\/\",\"name\":\"Harfuch s\u00ed estuvo en las reuniones por los 43; Ram\u00edrez Mar\u00edn, el traidor \u00a0 - D\u00eda H\u00e1bil\",\"isPartOf\":{\"@id\":\"https:\/\/diahabil.com.mx\/#website\"},\"primaryImageOfPage\":{\"@id\":\"https:\/\/diahabil.com.mx\/index.php\/2023\/09\/28\/harfuch-si-estuvo-en-las-reuniones-por-los-43-ramirez-marin-el-traidor\/#primaryimage\"},\"image\":{\"@id\":\"https:\/\/diahabil.com.mx\/index.php\/2023\/09\/28\/harfuch-si-estuvo-en-las-reuniones-por-los-43-ramirez-marin-el-traidor\/#primaryimage\"},\"thumbnailUrl\":\"https:\/\/diahabil.com.mx\/wp-content\/uploads\/2023\/07\/DiaHabil.jpg\",\"datePublished\":\"2023-09-28T06:37:56+00:00\",\"dateModified\":\"2023-09-28T14:34:56+00:00\",\"author\":{\"@id\":\"https:\/\/diahabil.com.mx\/#\/schema\/person\/570ef00d4ffe772b76a421d6cb2d8b09\"},\"breadcrumb\":{\"@id\":\"https:\/\/diahabil.com.mx\/index.php\/2023\/09\/28\/harfuch-si-estuvo-en-las-reuniones-por-los-43-ramirez-marin-el-traidor\/#breadcrumb\"},\"inLanguage\":\"es\",\"potentialAction\":[{\"@type\":\"ReadAction\",\"target\":[\"https:\/\/diahabil.com.mx\/index.php\/2023\/09\/28\/harfuch-si-estuvo-en-las-reuniones-por-los-43-ramirez-marin-el-traidor\/\"]}]},{\"@type\":\"ImageObject\",\"inLanguage\":\"es\",\"@id\":\"https:\/\/diahabil.com.mx\/index.php\/2023\/09\/28\/harfuch-si-estuvo-en-las-reuniones-por-los-43-ramirez-marin-el-traidor\/#primaryimage\",\"url\":\"https:\/\/diahabil.com.mx\/wp-content\/uploads\/2023\/07\/DiaHabil.jpg\",\"contentUrl\":\"https:\/\/diahabil.com.mx\/wp-content\/uploads\/2023\/07\/DiaHabil.jpg\",\"width\":1024,\"height\":550},{\"@type\":\"BreadcrumbList\",\"@id\":\"https:\/\/diahabil.com.mx\/index.php\/2023\/09\/28\/harfuch-si-estuvo-en-las-reuniones-por-los-43-ramirez-marin-el-traidor\/#breadcrumb\",\"itemListElement\":[{\"@type\":\"ListItem\",\"position\":1,\"name\":\"Inicio\",\"item\":\"https:\/\/diahabil.com.mx\/\"},{\"@type\":\"ListItem\",\"position\":2,\"name\":\"Harfuch s\u00ed estuvo en las reuniones por los 43; Ram\u00edrez Mar\u00edn, el traidor \u00a0\"}]},{\"@type\":\"WebSite\",\"@id\":\"https:\/\/diahabil.com.mx\/#website\",\"url\":\"https:\/\/diahabil.com.mx\/\",\"name\":\"D\u00eda H\u00e1bil\",\"description\":\"\",\"potentialAction\":[{\"@type\":\"SearchAction\",\"target\":{\"@type\":\"EntryPoint\",\"urlTemplate\":\"https:\/\/diahabil.com.mx\/?s={search_term_string}\"},\"query-input\":{\"@type\":\"PropertyValueSpecification\",\"valueRequired\":true,\"valueName\":\"search_term_string\"}}],\"inLanguage\":\"es\"},{\"@type\":\"Person\",\"@id\":\"https:\/\/diahabil.com.mx\/#\/schema\/person\/570ef00d4ffe772b76a421d6cb2d8b09\",\"name\":\"admin\",\"image\":{\"@type\":\"ImageObject\",\"inLanguage\":\"es\",\"@id\":\"https:\/\/diahabil.com.mx\/#\/schema\/person\/image\/\",\"url\":\"https:\/\/secure.gravatar.com\/avatar\/5fce8033dc3d7a39faaf712c5adc43811e3b890110a3bc9865c3ebf26530486c?s=96&d=mm&r=g\",\"contentUrl\":\"https:\/\/secure.gravatar.com\/avatar\/5fce8033dc3d7a39faaf712c5adc43811e3b890110a3bc9865c3ebf26530486c?s=96&d=mm&r=g\",\"caption\":\"admin\"},\"sameAs\":[\"https:\/\/diahabil.com.mx\"],\"url\":\"https:\/\/diahabil.com.mx\/index.php\/author\/root\/\"}]}<\/script>\n<!-- \/ Yoast SEO plugin. -->","yoast_head_json":{"title":"Harfuch s\u00ed estuvo en las reuniones por los 43; Ram\u00edrez Mar\u00edn, el traidor \u00a0 - D\u00eda H\u00e1bil","robots":{"index":"index","follow":"follow","max-snippet":"max-snippet:-1","max-image-preview":"max-image-preview:large","max-video-preview":"max-video-preview:-1"},"canonical":"https:\/\/diahabil.com.mx\/index.php\/2023\/09\/28\/harfuch-si-estuvo-en-las-reuniones-por-los-43-ramirez-marin-el-traidor\/","og_locale":"es_MX","og_type":"article","og_title":"Harfuch s\u00ed estuvo en las reuniones por los 43; Ram\u00edrez Mar\u00edn, el traidor \u00a0 - D\u00eda H\u00e1bil","og_description":"\u201cEst\u00e1, as\u00ed de concreto\u201d. Es Alejandro Encinas Rodr\u00edguez en referencia a la presencia de Omar Garc\u00eda Harfuch, candidato de Claudia Sheinbaum al gobierno de la Ciudad de M\u00e9xico, en las reuniones del gobierno federal para inventar la llamada verdad hist\u00f3rica del caso Ayotzinapa en 2014. Justo un d\u00eda antes de que Morena revele los nombres [&hellip;]","og_url":"https:\/\/diahabil.com.mx\/index.php\/2023\/09\/28\/harfuch-si-estuvo-en-las-reuniones-por-los-43-ramirez-marin-el-traidor\/","og_site_name":"D\u00eda H\u00e1bil","article_published_time":"2023-09-28T06:37:56+00:00","article_modified_time":"2023-09-28T14:34:56+00:00","og_image":[{"width":1024,"height":550,"url":"https:\/\/diahabil.com.mx\/wp-content\/uploads\/2023\/07\/DiaHabil.jpg","type":"image\/jpeg"}],"author":"admin","twitter_card":"summary_large_image","twitter_misc":{"Escrito por":"admin","Tiempo de lectura":"4 minutos"},"schema":{"@context":"https:\/\/schema.org","@graph":[{"@type":"WebPage","@id":"https:\/\/diahabil.com.mx\/index.php\/2023\/09\/28\/harfuch-si-estuvo-en-las-reuniones-por-los-43-ramirez-marin-el-traidor\/","url":"https:\/\/diahabil.com.mx\/index.php\/2023\/09\/28\/harfuch-si-estuvo-en-las-reuniones-por-los-43-ramirez-marin-el-traidor\/","name":"Harfuch s\u00ed estuvo en las reuniones por los 43; Ram\u00edrez Mar\u00edn, el traidor \u00a0 - D\u00eda H\u00e1bil","isPartOf":{"@id":"https:\/\/diahabil.com.mx\/#website"},"primaryImageOfPage":{"@id":"https:\/\/diahabil.com.mx\/index.php\/2023\/09\/28\/harfuch-si-estuvo-en-las-reuniones-por-los-43-ramirez-marin-el-traidor\/#primaryimage"},"image":{"@id":"https:\/\/diahabil.com.mx\/index.php\/2023\/09\/28\/harfuch-si-estuvo-en-las-reuniones-por-los-43-ramirez-marin-el-traidor\/#primaryimage"},"thumbnailUrl":"https:\/\/diahabil.com.mx\/wp-content\/uploads\/2023\/07\/DiaHabil.jpg","datePublished":"2023-09-28T06:37:56+00:00","dateModified":"2023-09-28T14:34:56+00:00","author":{"@id":"https:\/\/diahabil.com.mx\/#\/schema\/person\/570ef00d4ffe772b76a421d6cb2d8b09"},"breadcrumb":{"@id":"https:\/\/diahabil.com.mx\/index.php\/2023\/09\/28\/harfuch-si-estuvo-en-las-reuniones-por-los-43-ramirez-marin-el-traidor\/#breadcrumb"},"inLanguage":"es","potentialAction":[{"@type":"ReadAction","target":["https:\/\/diahabil.com.mx\/index.php\/2023\/09\/28\/harfuch-si-estuvo-en-las-reuniones-por-los-43-ramirez-marin-el-traidor\/"]}]},{"@type":"ImageObject","inLanguage":"es","@id":"https:\/\/diahabil.com.mx\/index.php\/2023\/09\/28\/harfuch-si-estuvo-en-las-reuniones-por-los-43-ramirez-marin-el-traidor\/#primaryimage","url":"https:\/\/diahabil.com.mx\/wp-content\/uploads\/2023\/07\/DiaHabil.jpg","contentUrl":"https:\/\/diahabil.com.mx\/wp-content\/uploads\/2023\/07\/DiaHabil.jpg","width":1024,"height":550},{"@type":"BreadcrumbList","@id":"https:\/\/diahabil.com.mx\/index.php\/2023\/09\/28\/harfuch-si-estuvo-en-las-reuniones-por-los-43-ramirez-marin-el-traidor\/#breadcrumb","itemListElement":[{"@type":"ListItem","position":1,"name":"Inicio","item":"https:\/\/diahabil.com.mx\/"},{"@type":"ListItem","position":2,"name":"Harfuch s\u00ed estuvo en las reuniones por los 43; Ram\u00edrez Mar\u00edn, el traidor \u00a0"}]},{"@type":"WebSite","@id":"https:\/\/diahabil.com.mx\/#website","url":"https:\/\/diahabil.com.mx\/","name":"D\u00eda H\u00e1bil","description":"","potentialAction":[{"@type":"SearchAction","target":{"@type":"EntryPoint","urlTemplate":"https:\/\/diahabil.com.mx\/?s={search_term_string}"},"query-input":{"@type":"PropertyValueSpecification","valueRequired":true,"valueName":"search_term_string"}}],"inLanguage":"es"},{"@type":"Person","@id":"https:\/\/diahabil.com.mx\/#\/schema\/person\/570ef00d4ffe772b76a421d6cb2d8b09","name":"admin","image":{"@type":"ImageObject","inLanguage":"es","@id":"https:\/\/diahabil.com.mx\/#\/schema\/person\/image\/","url":"https:\/\/secure.gravatar.com\/avatar\/5fce8033dc3d7a39faaf712c5adc43811e3b890110a3bc9865c3ebf26530486c?s=96&d=mm&r=g","contentUrl":"https:\/\/secure.gravatar.com\/avatar\/5fce8033dc3d7a39faaf712c5adc43811e3b890110a3bc9865c3ebf26530486c?s=96&d=mm&r=g","caption":"admin"},"sameAs":["https:\/\/diahabil.com.mx"],"url":"https:\/\/diahabil.com.mx\/index.php\/author\/root\/"}]}},"jetpack_featured_media_url":"https:\/\/diahabil.com.mx\/wp-content\/uploads\/2023\/07\/DiaHabil.jpg","_links":{"self":[{"href":"https:\/\/diahabil.com.mx\/index.php\/wp-json\/wp\/v2\/posts\/1076","targetHints":{"allow":["GET"]}}],"collection":[{"href":"https:\/\/diahabil.com.mx\/index.php\/wp-json\/wp\/v2\/posts"}],"about":[{"href":"https:\/\/diahabil.com.mx\/index.php\/wp-json\/wp\/v2\/types\/post"}],"author":[{"embeddable":true,"href":"https:\/\/diahabil.com.mx\/index.php\/wp-json\/wp\/v2\/users\/1"}],"replies":[{"embeddable":true,"href":"https:\/\/diahabil.com.mx\/index.php\/wp-json\/wp\/v2\/comments?post=1076"}],"version-history":[{"count":1,"href":"https:\/\/diahabil.com.mx\/index.php\/wp-json\/wp\/v2\/posts\/1076\/revisions"}],"predecessor-version":[{"id":1077,"href":"https:\/\/diahabil.com.mx\/index.php\/wp-json\/wp\/v2\/posts\/1076\/revisions\/1077"}],"wp:featuredmedia":[{"embeddable":true,"href":"https:\/\/diahabil.com.mx\/index.php\/wp-json\/wp\/v2\/media\/228"}],"wp:attachment":[{"href":"https:\/\/diahabil.com.mx\/index.php\/wp-json\/wp\/v2\/media?parent=1076"}],"wp:term":[{"taxonomy":"category","embeddable":true,"href":"https:\/\/diahabil.com.mx\/index.php\/wp-json\/wp\/v2\/categories?post=1076"},{"taxonomy":"post_tag","embeddable":true,"href":"https:\/\/diahabil.com.mx\/index.php\/wp-json\/wp\/v2\/tags?post=1076"}],"curies":[{"name":"wp","href":"https:\/\/api.w.org\/{rel}","templated":true}]}}